{"id":8372,"date":"2026-09-04T20:17:30","date_gmt":"2026-09-04T20:17:30","guid":{"rendered":"https:\/\/help.unhcr.org\/mexico\/?p=8372"},"modified":"2026-09-04T20:17:31","modified_gmt":"2026-09-04T20:17:31","slug":"impulsa-tu-proyecto-comunitario-a-traves-del-futbol","status":"publish","type":"post","link":"https:\/\/help.unhcr.org\/mexico\/2026\/09\/04\/impulsa-tu-proyecto-comunitario-a-traves-del-futbol\/","title":{"rendered":"\u00a1Impulsa tu proyecto comunitario a trav\u00e9s del f\u00fatbol!"},"content":{"rendered":"\n<p>ACNUR M\u00e9xico abre una convocatoria de subvenci\u00f3n para organizaciones, colectivos e iniciativas lideradas por personas refugiadas y comunidades de acogida que promuevan la inclusi\u00f3n, la protecci\u00f3n y la convivencia mediante actividades de f\u00fatbol comunitario.<\/p>\n\n\n\n<p>Las propuestas seleccionadas podr\u00e1n recibir hasta USD 4,000 y acompa\u00f1amiento t\u00e9cnico para implementarse entre octubre y diciembre de 2026 en Ciudad de M\u00e9xico, Guadalajara, Monterrey o Aguascalientes.<\/p>\n\n\n\n<p>Conoce los requisitos y otros detalles para postular en la Convocatoria de Subvenci\u00f3n <a href=\"https:\/\/help.unhcr.org\/mexico\/wp-content\/uploads\/sites\/22\/2026\/09\/260904_Convocatoria-de-Acuerdo-de-Subvencion-con-ACNUR.pdf\" data-type=\"link\" data-id=\"https:\/\/help.unhcr.org\/mexico\/wp-content\/uploads\/sites\/22\/2026\/09\/260904_Convocatoria-de-Acuerdo-de-Subvencion-con-ACNUR.pdf\">\u201cDe regreso en el juego \u2013 Pertenecer a trav\u00e9s del f\u00fatbol\u201d<\/a><em><strong>.<\/strong><\/em><\/p>\n\n\n\n<p class=\"has-background\" style=\"background-color:#cce2f3\"><strong>Postula antes del 13 de septiembre de 2026.<\/strong><\/p>\n\n\n\n<p>Env\u00eda tu propuesta llenando y enviando adjunto el <a href=\"https:\/\/help.unhcr.org\/mexico\/wp-content\/uploads\/sites\/22\/2026\/09\/260904_Nota-conceptual_Acuerdo-de-Subvencion.docx\" data-type=\"link\" data-id=\"https:\/\/help.unhcr.org\/mexico\/wp-content\/uploads\/sites\/22\/2026\/09\/260904_Nota-conceptual_Acuerdo-de-Subvencion.docx\" target=\"_blank\" rel=\"noreferrer noopener\">formato <strong>NOTA CONCEPTUAL<\/strong><\/a> al correo electr\u00f3nico <a href=\"mailto:mexmeips@unhcr.org\">mexmeips@unhcr.org<\/a> <strong>antes del 13 de septiembre de 2026 a las 23:00 horas (Hora de Ciudad de M\u00e9xico).<\/strong><\/p>\n\n\n\n<p class=\"has-background\" style=\"background-color:#cce2f3\"><strong>Sesi\u00f3n informativa:<\/strong><\/p>\n\n\n\n<p>El <strong>martes 8 de septiembre de 2026 a las 12:00 p.m.<\/strong> (Hora de Ciudad de M\u00e9xico) se realizar\u00e1 una sesi\u00f3n informativa virtual para despejar dudas por parte de las organizaciones, colectivos e iniciativas lideradas por personas refugiadas y comunidades de acogida interesadas en postular a la convocatoria.<\/p>\n\n\n\n<p>Para solicitar acceso a la sesi\u00f3n informativa env\u00eda un correo a <a href=\"mailto:mexmeips@unhcr.org\">mexmeips@unhcr.org<\/a> antes del martes 8 de septiembre. <\/p>\n\n\n\n<p>Para m\u00e1s informaci\u00f3n, puedes enviar un correo a <a href=\"mailto:mexmeips@unhcr.org\">mexmeips@unhcr.org<\/a><\/p>\n","protected":false},"excerpt":{"rendered":"<p>ACNUR M\u00e9xico abre una convocatoria de subvenci\u00f3n para organizaciones, colectivos e iniciativas lideradas por personas refugiadas y comunidades de acogida que promuevan la inclusi\u00f3n, la protecci\u00f3n y la convivencia mediante actividades de f\u00fatbol comunitario. Las propuestas seleccionadas podr\u00e1n recibir hasta USD 4,000 y acompa\u00f1amiento t\u00e9cnico para implementarse entre octubre y diciembre de 2026 en Ciudad [&hellip;]<\/p>\n","protected":false},"author":243,"featured_media":0,"comment_status":"closed","ping_status":"closed","sticky":false,"template":"","format":"standard","meta":{"_acf_changed":false,"footnotes":""},"categories":[1],"tags":[],"class_list":["post-8372","post","type-post","status-publish","format-standard","hentry","category-uncategorized"],"acf":[],"_links":{"self":[{"href":"https:\/\/help.unhcr.org\/mexico\/wp-json\/wp\/v2\/posts\/8372","targetHints":{"allow":["GET"]}}],"collection":[{"href":"https:\/\/help.unhcr.org\/mexico\/wp-json\/wp\/v2\/posts"}],"about":[{"href":"https:\/\/help.unhcr.org\/mexico\/wp-json\/wp\/v2\/types\/post"}],"author":[{"embeddable":true,"href":"https:\/\/help.unhcr.org\/mexico\/wp-json\/wp\/v2\/users\/243"}],"replies":[{"embeddable":true,"href":"https:\/\/help.unhcr.org\/mexico\/wp-json\/wp\/v2\/comments?post=8372"}],"version-history":[{"count":3,"href":"https:\/\/help.unhcr.org\/mexico\/wp-json\/wp\/v2\/posts\/8372\/revisions"}],"predecessor-version":[{"id":8376,"href":"https:\/\/help.unhcr.org\/mexico\/wp-json\/wp\/v2\/posts\/8372\/revisions\/8376"}],"wp:attachment":[{"href":"https:\/\/help.unhcr.org\/mexico\/wp-json\/wp\/v2\/media?parent=8372"}],"wp:term":[{"taxonomy":"category","embeddable":true,"href":"https:\/\/help.unhcr.org\/mexico\/wp-json\/wp\/v2\/categories?post=8372"},{"taxonomy":"post_tag","embeddable":true,"href":"https:\/\/help.unhcr.org\/mexico\/wp-json\/wp\/v2\/tags?post=8372"}],"curies":[{"name":"wp","href":"https:\/\/api.w.org\/{rel}","templated":true}]}}