{"id":4797,"date":"2023-03-08T16:02:29","date_gmt":"2023-03-08T16:02:29","guid":{"rendered":"https:\/\/help.unhcr.org\/mexico\/?p=4797"},"modified":"2025-09-09T18:10:34","modified_gmt":"2025-09-09T18:10:34","slug":"8m-juntas-rompamos-las-fronteras","status":"publish","type":"post","link":"https:\/\/help.unhcr.org\/mexico\/2023\/03\/08\/8m-juntas-rompamos-las-fronteras\/","title":{"rendered":"#8M Juntas rompamos las fronteras"},"content":{"rendered":"\n<p>Las mujeres hemos luchado a lo largo de la historia para exigir la igualdad y erradicar la violencia de g\u00e9nero. Es una trayectoria larga, pero hemos ganado luchas importantes. Gracias a nuestras valientes antepasadas, hoy en d\u00eda las mujeres podemos votar, recibir una educaci\u00f3n formal, trabajar, divorciarse y participar en la vida p\u00fablica igual que los hombres. En 1975 la ONU declar\u00f3 el 8 de marzo como el D\u00eda Internacional de la Mujer.<\/p>\n\n\n\n<p>Este d\u00eda, m\u00e1s all\u00e1 de ser una celebraci\u00f3n de nuestros logros y un reconocimiento de nuestro rol indispensable en la sociedad, es un d\u00eda para conmemorar la lucha de nuestras antepasadas y para continuar apoy\u00e1ndonos en esta batalla, juntas.<\/p>\n\n\n\n<p>A\u00fan hay mucho por hacer.<\/p>\n\n\n\n<p><a href=\"https:\/\/www.unwomen.org\/es\/what-we-do\/ending-violence-against-women\/facts-and-figures\" target=\"_blank\" rel=\"noreferrer noopener\">ONU Mujeres<\/a> estima que una de cada 3 mujeres ha sufrido violencia de g\u00e9nero en su vida. Hay que luchar para que ninguna mujer sufra violencia de g\u00e9nero otra vez. <a href=\"https:\/\/www.ilo.org\/infostories\/es-ES\/Stories\/discrimination\/tackling-sex-discrimination-through-pay-equity#why-are-there-gender-pay-gaps\" target=\"_blank\" rel=\"noreferrer noopener\">La Organizaci\u00f3n Internacional del Trabajo (OIT)<\/a> reporta que las mujeres ganan aproximadamente 23% menos que los hombres por trabajar en el mismo puesto. Hay que luchar para la igualdad de remuneraci\u00f3n. Las mujeres representamos dos tercios de las personas en el mundo que no saben leer ni escribir, de acuerdo con una estimaci\u00f3n de la <a href=\"https:\/\/news.un.org\/es\/story\/2016\/03\/1352051\" target=\"_blank\" rel=\"noreferrer noopener\">UNESCO<\/a>. Nos toca luchar para que todas las mujeres tengan acceso a la educaci\u00f3n igual que los hombres.<\/p>\n\n\n\n<p>En el informe de 2022 del WEF <a href=\"https:\/\/www.weforum.org\/reports\/global-gender-gap-report-2022\" target=\"_blank\" rel=\"noreferrer noopener\">(World Economic Forum)<\/a> sobre la Brecha de G\u00e9nero, se report\u00f3 que la paridad de g\u00e9nero no se est\u00e1 recuperando despu\u00e9s de retrocesos en el contexto de la pandemia COVID-19. Si las circunstancias mundiales contin\u00faan, nos tardaremos 132 a\u00f1os m\u00e1s en cerrar la brecha de g\u00e9nero entre hombres y mujeres a nivel mundial.<\/p>\n\n\n\n<p>La lucha para la igualdad de g\u00e9nero es nuestra, en donde sea que estemos. Todas las mujeres en todas las partes del mundo son afectadas por la desigualdad de g\u00e9nero y mentalidades patriarcales. Aunque tengamos diferencias de nacionalidad, costumbres y lenguas, nuestra condici\u00f3n como mujer nos une.<\/p>\n\n\n\n<p>\u00a1<strong>Ser mujer rompe fronteras y juntas lucharemos para la igualdad de g\u00e9nero<\/strong>!<\/p>\n","protected":false},"excerpt":{"rendered":"<p>Las mujeres hemos luchado a lo largo de la historia para exigir la igualdad y erradicar la violencia de g\u00e9nero. Es una trayectoria larga, pero hemos ganado luchas importantes. Gracias a nuestras valientes antepasadas, hoy en d\u00eda las mujeres podemos votar, recibir una educaci\u00f3n formal, trabajar, divorciarse y participar en la vida p\u00fablica igual que [&hellip;]<\/p>\n","protected":false},"author":243,"featured_media":0,"comment_status":"open","ping_status":"open","sticky":false,"template":"","format":"standard","meta":{"_acf_changed":false,"footnotes":""},"categories":[1],"tags":[],"class_list":["post-4797","post","type-post","status-publish","format-standard","hentry","category-uncategorized"],"acf":[],"_links":{"self":[{"href":"https:\/\/help.unhcr.org\/mexico\/wp-json\/wp\/v2\/posts\/4797","targetHints":{"allow":["GET"]}}],"collection":[{"href":"https:\/\/help.unhcr.org\/mexico\/wp-json\/wp\/v2\/posts"}],"about":[{"href":"https:\/\/help.unhcr.org\/mexico\/wp-json\/wp\/v2\/types\/post"}],"author":[{"embeddable":true,"href":"https:\/\/help.unhcr.org\/mexico\/wp-json\/wp\/v2\/users\/243"}],"replies":[{"embeddable":true,"href":"https:\/\/help.unhcr.org\/mexico\/wp-json\/wp\/v2\/comments?post=4797"}],"version-history":[{"count":2,"href":"https:\/\/help.unhcr.org\/mexico\/wp-json\/wp\/v2\/posts\/4797\/revisions"}],"predecessor-version":[{"id":4803,"href":"https:\/\/help.unhcr.org\/mexico\/wp-json\/wp\/v2\/posts\/4797\/revisions\/4803"}],"wp:attachment":[{"href":"https:\/\/help.unhcr.org\/mexico\/wp-json\/wp\/v2\/media?parent=4797"}],"wp:term":[{"taxonomy":"category","embeddable":true,"href":"https:\/\/help.unhcr.org\/mexico\/wp-json\/wp\/v2\/categories?post=4797"},{"taxonomy":"post_tag","embeddable":true,"href":"https:\/\/help.unhcr.org\/mexico\/wp-json\/wp\/v2\/tags?post=4797"}],"curies":[{"name":"wp","href":"https:\/\/api.w.org\/{rel}","templated":true}]}}