{"id":238,"date":"2019-06-12T19:13:39","date_gmt":"2019-06-12T19:13:39","guid":{"rendered":"http:\/\/help.unhcr.org\/ecuador\/?p=238"},"modified":"2019-08-15T15:21:51","modified_gmt":"2019-08-15T15:21:51","slug":"inscripcion-escuelas-sierra-amazonia","status":"publish","type":"post","link":"https:\/\/help.unhcr.org\/ecuador\/2019\/06\/12\/inscripcion-escuelas-sierra-amazonia\/","title":{"rendered":"Inscr\u00edbete en el r\u00e9gimen escolar Sierra-Amazonia hasta el 14 de junio de 2019"},"content":{"rendered":"<p>Si eres una persona refugiada o migrante y vives en la Sierra o Amazon\u00eda ecuatoriana, puedes inscribirte al r\u00e9gimen escolar hasta el viernes 14 de junio.<\/p>\n<div class=\"entry-content\">\n<p><strong>Requisitos:<\/strong><\/p>\n<ul>\n<li>N\u00famero de c\u00e9dula del aspirante<\/li>\n<li>N\u00famero de c\u00e9dula del representante<\/li>\n<li>Correo electr\u00f3nico o n\u00famero de celular del representante<\/li>\n<li>Certificado de promoci\u00f3n o pase de a\u00f1o (opcional)<\/li>\n<li>Planilla de energ\u00eda el\u00e9ctrica<\/li>\n<\/ul>\n<p><strong>C\u00f3mo inscribirse:<\/strong><\/p>\n<p>Ac\u00e9rcate a la sede distrital m\u00e1s cercana a tu lugar de vivienda entre las 7h00 y las 20h00 con los requisitos mencionados. Revisa las direcciones de las sedes:<\/p>\n<ul>\n<li><a href=\"https:\/\/juntos.educacion.gob.ec\/adjuntos\/sierra\/sedes-tradicionales\/Z1.pdf\" target=\"_blank\" rel=\"noopener\">Carchi, Imbabura y Sucumb\u00edos<\/a><\/li>\n<li><a href=\"https:\/\/juntos.educacion.gob.ec\/adjuntos\/sierra\/sedes-tradicionales\/Z2.pdf\" target=\"_blank\" rel=\"noopener\">Napo, Orellana y Pichincha<\/a><\/li>\n<li><a href=\"https:\/\/juntos.educacion.gob.ec\/adjuntos\/sierra\/sedes-tradicionales\/Z3.pdf\" target=\"_blank\" rel=\"noopener\">Chimborazo, Cotopaxi, Pastaza, Tungurahua<\/a><\/li>\n<li><a href=\"https:\/\/juntos.educacion.gob.ec\/adjuntos\/sierra\/sedes-tradicionales\/Z5.pdf\" target=\"_blank\" rel=\"noopener\">Bol\u00edvar<\/a><\/li>\n<li><a href=\"https:\/\/juntos.educacion.gob.ec\/adjuntos\/sierra\/sedes-tradicionales\/Z6.pdf\" target=\"_blank\" rel=\"noopener\">Azuay, Ca\u00f1ar, Morona Santiago<\/a><\/li>\n<li><a href=\"https:\/\/juntos.educacion.gob.ec\/adjuntos\/sierra\/sedes-tradicionales\/Z7.pdf\" target=\"_blank\" rel=\"noopener\">Loja y Zamora Chinchipe<\/a><\/li>\n<li><a href=\"https:\/\/juntos.educacion.gob.ec\/adjuntos\/sierra\/sedes-tradicionales\/Z9.pdf\" target=\"_blank\" rel=\"noopener\">Quito<\/a><\/li>\n<\/ul>\n<p><strong>\u00bfQu\u00e9 puedo hacer si no cuento con documento de identidad?<\/strong><br \/>\nEn caso de no contar con tu documento, no te preocupes, se te registrar\u00e1 y asignar\u00e1 un n\u00famero secuencial con el que podr\u00e1s realizar todos los tr\u00e1mites necesarios en el futuro, garantizando el acceso al sistema educativo.<\/p>\n<p><strong>\u00bfQu\u00e9 puedo hacer si no cuento con planilla el\u00e9ctrica?<\/strong><br \/>\nSe la solicita para conocer la ubicaci\u00f3n de tu vivienda. En caso de no tenerla, no hay problema, se proceder\u00e1 a pedir que ubiques tu domicilio en un mapa, para establecer un punto de referencia.<\/p>\n<p><strong>\u00bfQu\u00e9 puedo hacer si no cuento con un pase de a\u00f1o?<\/strong><br \/>\nNo te preocupes, el Ministerio de Educaci\u00f3n realizar\u00e1 una evaluaci\u00f3n que identifique el nivel educativo al que deber\u00e1 ingresar el estudiante.<\/p>\n<p><strong>Despu\u00e9s de la inscripci\u00f3n:<\/strong><br \/>\nLos y las funcionarias del Ministerio de Educaci\u00f3n los cupos una vez terminada la fase de inscripci\u00f3n. Los y las estudiantes ser\u00e1n asignados\/as a las escuelas de acuerdo a los datos proporcionados durante la inscripci\u00f3n, entre el 17 de junio y el 24 de julio.<\/p>\n<p>Visita <a href=\"https:\/\/juntos.educacion.gob.ec\/\" target=\"_blank\" rel=\"noopener\">esta p\u00e1gina<\/a> para m\u00e1s informaci\u00f3n.<\/p>\n<\/div>\n","protected":false},"excerpt":{"rendered":"<p>Si eres una persona refugiada o migrante y vives en la Sierra o Amazon\u00eda ecuatoriana, puedes inscribirte al r\u00e9gimen escolar hasta el viernes 14 de junio. Requisitos: N\u00famero de c\u00e9dula del aspirante N\u00famero de c\u00e9dula del representante Correo electr\u00f3nico o n\u00famero de celular del representante Certificado de promoci\u00f3n o pase de a\u00f1o (opcional) Planilla de [&hellip;]<\/p>\n","protected":false},"author":35,"featured_media":0,"comment_status":"open","ping_status":"open","sticky":false,"template":"","format":"standard","meta":{"_acf_changed":false,"footnotes":""},"categories":[1],"tags":[],"class_list":["post-238","post","type-post","status-publish","format-standard","hentry","category-sin-categorizar"],"acf":[],"_links":{"self":[{"href":"https:\/\/help.unhcr.org\/ecuador\/wp-json\/wp\/v2\/posts\/238","targetHints":{"allow":["GET"]}}],"collection":[{"href":"https:\/\/help.unhcr.org\/ecuador\/wp-json\/wp\/v2\/posts"}],"about":[{"href":"https:\/\/help.unhcr.org\/ecuador\/wp-json\/wp\/v2\/types\/post"}],"author":[{"embeddable":true,"href":"https:\/\/help.unhcr.org\/ecuador\/wp-json\/wp\/v2\/users\/35"}],"replies":[{"embeddable":true,"href":"https:\/\/help.unhcr.org\/ecuador\/wp-json\/wp\/v2\/comments?post=238"}],"version-history":[{"count":2,"href":"https:\/\/help.unhcr.org\/ecuador\/wp-json\/wp\/v2\/posts\/238\/revisions"}],"predecessor-version":[{"id":550,"href":"https:\/\/help.unhcr.org\/ecuador\/wp-json\/wp\/v2\/posts\/238\/revisions\/550"}],"wp:attachment":[{"href":"https:\/\/help.unhcr.org\/ecuador\/wp-json\/wp\/v2\/media?parent=238"}],"wp:term":[{"taxonomy":"category","embeddable":true,"href":"https:\/\/help.unhcr.org\/ecuador\/wp-json\/wp\/v2\/categories?post=238"},{"taxonomy":"post_tag","embeddable":true,"href":"https:\/\/help.unhcr.org\/ecuador\/wp-json\/wp\/v2\/tags?post=238"}],"curies":[{"name":"wp","href":"https:\/\/api.w.org\/{rel}","templated":true}]}}